[{"@context":"https:\/\/schema.org\/","@type":"Article","@id":"https:\/\/www.keramix.sk\/facebook-a-jeho-temna-tvar\/#Article","mainEntityOfPage":"https:\/\/www.keramix.sk\/facebook-a-jeho-temna-tvar\/","headline":"Facebook a jeho temn\u00e1 tv\u00e1r","name":"Facebook a jeho temn\u00e1 tv\u00e1r","description":"Existuje asi len mal\u00e9 percento \u013eud\u00ed, ktor\u00ed nie s\u00fa zozn\u00e1men\u00ed so soci\u00e1lnou sie\u0165ou Facebook. Ten sa stal na\u0161ou ka\u017edodennou s\u00fa\u010das\u0165ou. M\u00e1 na svedom\u00ed zjednodu\u0161en\u00fa a \u010dastej\u0161iu komunik\u00e1ciu \u013eud\u00ed, zozn\u00e1menia, udr\u017eanie kontaktu s osobou, ktor\u00e1 odcestovala, skr\u00e1tka ve\u013ea pozit\u00edv, no ale ako b\u00fdva<p class=\"link-more\"><a class=\"myButt three\" href=\"https:\/\/www.keramix.sk\/facebook-a-jeho-temna-tvar\/\">Read More<\/a><\/p>","datePublished":"2017-10-06","dateModified":"2017-10-06","author":{"@type":"Person","@id":"https:\/\/www.keramix.sk\/author\/#Person","name":"","url":"https:\/\/www.keramix.sk\/author\/","identifier":1,"image":{"@type":"ImageObject","@id":"https:\/\/secure.gravatar.com\/avatar\/1aa4d33840e2afc29128e2a456d425ca0d17b173c888af2db652b1d34fe6f93d?s=96&d=mm&r=g","url":"https:\/\/secure.gravatar.com\/avatar\/1aa4d33840e2afc29128e2a456d425ca0d17b173c888af2db652b1d34fe6f93d?s=96&d=mm&r=g","height":96,"width":96}},"publisher":{"@type":"Organization","name":"keramix.sk","logo":{"@type":"ImageObject","@id":"\/logo.png","url":"\/logo.png","width":600,"height":60}},"image":{"@type":"ImageObject","@id":"https:\/\/www.keramix.sk\/wp-content\/uploads\/img_a283620_w16499_t1512581811.jpg","url":"https:\/\/www.keramix.sk\/wp-content\/uploads\/img_a283620_w16499_t1512581811.jpg","height":0,"width":0},"url":"https:\/\/www.keramix.sk\/facebook-a-jeho-temna-tvar\/","wordCount":427,"articleBody":"Existuje asi len mal\u00e9 percento \u013eud\u00ed, ktor\u00ed nie s\u00fa zozn\u00e1men\u00ed so soci\u00e1lnou sie\u0165ou Facebook. Ten sa stal na\u0161ou ka\u017edodennou s\u00fa\u010das\u0165ou. M\u00e1 na svedom\u00ed zjednodu\u0161en\u00fa a \u010dastej\u0161iu komunik\u00e1ciu \u013eud\u00ed, zozn\u00e1menia, udr\u017eanie kontaktu s osobou, ktor\u00e1 odcestovala, skr\u00e1tka ve\u013ea pozit\u00edv, no ale ako b\u00fdva zvykom, Facebook m\u00e1 aj svoje obete a zrejme bud\u00fa prib\u00fada\u0165, pokia\u013e sa nie\u010do nezmen\u00ed.\u2022\u00a0\u00a0\u00a0\u00a0\u00a0\u00a0\u00a0\u00a0 Prv\u00fd prezident soci\u00e1lnej slu\u017eby Facebook to povedal \u0161t\u00fdlom, z ktor\u00e9ho a\u017e mraz\u00ed:\u00a0 &#8220;Zneu\u017eili sme zranite\u013enos\u0165 \u013eudskej psychiky a vedeli sme, \u010do rob\u00edme.&#8221; Tak\u00fato pesimisticky znej\u00facu a mraziv\u00fa vetu vyslovia b\u00fdval\u00e1 prav\u00e1 ruka zakladate\u013ea, samotn\u00e9ho Marka Zuckenberga.Mo\u017eno to vyznelo nepravdivo desivo, ale je v tom pravda. Za t\u00fdm v\u0161etk\u00fdm z\u00e1bavn\u00fdm a bezstarostn\u00fdm \u010detom nevid\u00edme, \u017ee je niekto na tejto sieti i \u0161ikanovan\u00fd. Ak je pod\u013ea n\u00e1s niekto hlup\u00e1k, m\u00f4\u017eeme sa mu vyh\u00fdba\u0165. Ale na Facebooku? Tam len tak dvere nezavrieme, jedine si vymaza\u0165 \u00fa\u010det, no to je niekedy probl\u00e9m. T\u00e1to \u0161ikana sa s\u00edce mo\u017eno net\u00fdka v\u00e4\u010d\u0161iny, no aj tak ju pova\u017eujem za probl\u00e9m, no v \u010dl\u00e1nku chcem pouk\u00e1za\u0165 i na fakty, ktor\u00e9 sa dot\u00fdkaj\u00fa v\u00e4\u010d\u0161iny u\u017e\u00edvate\u013eov.Facebook vie o n\u00e1s v\u0161etko a pe\u010dlivo si zaznamen\u00e1va na\u0161e \u00fadaje ako adresu kde b\u00fdvame, kadia\u013e sa naj\u010dastej\u0161ie pohybujeme, s k\u00fdm si naj\u010dastej\u0161ie \u010detujeme \/teda je n\u00e1m najbli\u017e\u0161\u00ed\/, kto je \u010dlenom na\u0161ej rodiny a fotky os\u00f4b, ktor\u00e9 si naj\u010dastej\u0161ie pozer\u00e1me. V\u0161etko, v\u0161etko je to kontrolovan\u00e9 a pou\u017e\u00edvan\u00edm, delen\u00edm sa o na\u0161e inform\u00e1cie, vlastne dobrovo\u013ene zab\u00edjame na\u0161e s\u00fakromie.B\u00fdval\u00e1 prav\u00e1 ruka v\u0161ak tvrd\u00ed aj nie\u010do in\u00e9. Facebook vyv\u00edjali \u0161t\u00fdlom, aby zaujali \u013eudsk\u00fa pozornos\u0165 a to hlavne cez citov\u00e9 h\u013eadisko a zranite\u013enos\u0165 \u013eudsk\u00e9ho mozgu. Napr\u00edklad ak d\u00e1te na n\u00e1stenku ur\u010dit\u00fd pr\u00edspevok, tak netrpezlivo \u010dak\u00e1te, ko\u013eko dostanete lajkov a ak\u00e9 koment\u00e1re pribudn\u00fa. Boj\u00edme sa aj t\u00fdch negat\u00edvnych a z pocitu neistoty teda Facebook st\u00e1le a st\u00e1le nav\u0161tevujeme.Boj\u00edme sa, \u010do si o n\u00e1s myslia ostatn\u00ed, ale aj toho, \u010do sa deje za na\u0161im chrbtom. Predov\u0161etk\u00fdm aj z tohto pocitu \u0165a\u017e\u00ed Facebook a jeho popularita.\u00a0                                                                                                                                                                                                                                                                                                                                                                                        4.3\/5 - (7 votes)        "},{"@context":"https:\/\/schema.org\/","@type":"BreadcrumbList","itemListElement":[{"@type":"ListItem","position":1,"name":"Facebook a jeho temn\u00e1 tv\u00e1r","item":"https:\/\/www.keramix.sk\/facebook-a-jeho-temna-tvar\/#breadcrumbitem"}]}]