[{"@context":"https:\/\/schema.org\/","@type":"Article","@id":"https:\/\/www.keramix.sk\/rastliny-a-bylinky-zasadte-ich-vedla-seba\/#Article","mainEntityOfPage":"https:\/\/www.keramix.sk\/rastliny-a-bylinky-zasadte-ich-vedla-seba\/","headline":"Rastliny a bylinky \u2013 zasa\u010fte ich ved\u013ea seba","name":"Rastliny a bylinky \u2013 zasa\u010fte ich ved\u013ea seba","description":"Naj\u010dastej\u0161\u00edm probl\u00e9mom pri pestovan\u00ed byliniek je probl\u00e9m s\u00a0ich umiestnen\u00edm. Niektor\u00e9 nesm\u00fa by\u0165 v\u00a0tieni, niektor\u00e9 chc\u00fa slnko, &#8230; sadi\u0165 ich na jar, alebo na jese\u0148? Mnoho ot\u00e1zok a\u00a0m\u00e1lo odpoved\u00ed. Na sadenie byliniek si nemus\u00edte vyhradi\u0165 v\u00a0z\u00e1hrade zvl\u00e1\u0161tne miesto. Aj ke\u010f je pekn\u00e9 ma\u0165<p class=\"link-more\"><a class=\"myButt three\" href=\"https:\/\/www.keramix.sk\/rastliny-a-bylinky-zasadte-ich-vedla-seba\/\">Read More<\/a><\/p>","datePublished":"2025-02-28","dateModified":"2025-02-28","author":{"@type":"Person","@id":"https:\/\/www.keramix.sk\/author\/#Person","name":"","url":"https:\/\/www.keramix.sk\/author\/","identifier":1,"image":{"@type":"ImageObject","@id":"https:\/\/secure.gravatar.com\/avatar\/1aa4d33840e2afc29128e2a456d425ca0d17b173c888af2db652b1d34fe6f93d?s=96&d=mm&r=g","url":"https:\/\/secure.gravatar.com\/avatar\/1aa4d33840e2afc29128e2a456d425ca0d17b173c888af2db652b1d34fe6f93d?s=96&d=mm&r=g","height":96,"width":96}},"publisher":{"@type":"Organization","name":"keramix.sk","logo":{"@type":"ImageObject","@id":"\/logo.png","url":"\/logo.png","width":600,"height":60}},"image":{"@type":"ImageObject","@id":"https:\/\/www.keramix.sk\/wp-content\/uploads\/img_a296619_w16601_t1549895550.jpg","url":"https:\/\/www.keramix.sk\/wp-content\/uploads\/img_a296619_w16601_t1549895550.jpg","height":0,"width":0},"url":"https:\/\/www.keramix.sk\/rastliny-a-bylinky-zasadte-ich-vedla-seba\/","wordCount":425,"articleBody":"Naj\u010dastej\u0161\u00edm probl\u00e9mom pri pestovan\u00ed byliniek je probl\u00e9m s\u00a0ich umiestnen\u00edm. Niektor\u00e9 nesm\u00fa by\u0165 v\u00a0tieni, niektor\u00e9 chc\u00fa slnko, &#8230; sadi\u0165 ich na jar, alebo na jese\u0148? Mnoho ot\u00e1zok a\u00a0m\u00e1lo odpoved\u00ed.Na sadenie byliniek si nemus\u00edte vyhradi\u0165 v\u00a0z\u00e1hrade zvl\u00e1\u0161tne miesto. Aj ke\u010f je pekn\u00e9 ma\u0165 bylinkov\u00fa z\u00e1hradku nie ka\u017ed\u00e9mu to ve\u013ekos\u0165 pozemku dovo\u013euje. Rastlinky m\u00f4\u017eete zasadi\u0165 do skalky, pri obrubn\u00edk, alebo pokojne medzi zeleninu \u010di pri ovocn\u00e9 stromy. Niektor\u00e9 druhy zlep\u0161uj\u00fa kvalitu zeleniny alebo ju podporuj\u00fa v\u00a0raste. Esenci\u00e1lne v\u00f4ne, ktor\u00e9 tieto rastliny obsahuj\u00fa odh\u00e1\u0148aj\u00fa \u0161kodcov hne\u010f ako ju zac\u00edtia.\u010co s\u00a0\u010d\u00edm zasadi\u0165.M\u00e4ta, bazalka a\u00a0rasca ochr\u00e1nia pred \u0161kodcami zemiaky, kapustu, kel, raj\u010diny a\u00a0aj hl\u00e1vkov\u00fd \u0161al\u00e1t. M\u00e4ta naviac podpor\u00ed rast a\u00a0zlep\u0161\u00ed chu\u0165 paradajok. Rovnak\u00fd \u00fa\u010dinok m\u00e1 aj bazalka.Ruman\u010dek a\u00a0my\u0161\u00ed chvost vylep\u0161ia chu\u0165 mrkve, petr\u017elenu a\u00a0aj pa\u0161trn\u00e1ku.Koriander odo\u017eenie \u0161kodcov z\u00a0uhoriek a\u00a0\u010dervenej repy (cvikly)Cesnak v\u00e1m zaru\u010d\u00ed bohat\u00fa a\u00a0zdrav\u00fa \u00farodu jah\u00f4d, raj\u010d\u00edn, mrkvy a\u00a0zaist\u00ed v\u00e1m n\u00e1dhern\u00e9 rozkvitnut\u00e9 ru\u017ee.K\u00f4por je vhodn\u00e9 vysadi\u0165 medzi hrach, uhorky, hl\u00e1vkov\u00fd \u0161al\u00e1t, cibu\u013eu a\u00a0hl\u00faboviny.Bylinky takto chr\u00e1nia ostatn\u00e9 rastliny pred \u0161kodcami a\u00a0aj pred chorobami. Levandu\u013ea je \u00fa\u010dinn\u00e1 proti vo\u0161k\u00e1m. Pa\u017e\u00edtka poskytuje ochranu pred ples\u0148ami v\u0161etk\u00fdm okolit\u00fdm rastlin\u00e1m. K\u00a0ju vysad\u00edte okolo z\u00e1hona jah\u00f4d zabr\u00e1nite \u00fatokom plesn\u00ed a\u00a0m\u00fa\u010dnatky. Ak h\u013ead\u00e1te nie\u010do univerz\u00e1lnej\u0161ie siahnite po tymiane \u2013 ten v\u00e1s zbav\u00ed viacer\u00fdch \u0161kodcov z\u00e1rove\u0148, odrad\u00ed aj slim\u00e1kov a\u00a0ne\u017eelan\u00fdch slizniakov. Pokia\u013e m\u00e1te probl\u00e9my s\u00a0mravcami, ktor\u00ed v\u00e1m ni\u010dia \u00farodu siahnite po major\u00e1nke. T\u00e1 svojou ar\u00f3mou za\u017eenie nie len mravcov, ale aj slm\u00e1kov.Ak\u00fdm kombin\u00e1ci\u00e1m sa vyhn\u00fa\u0165.Tak ako sa r\u00f4zne rastliny zasaden\u00e9 ved\u013ea seba m\u00f4\u017eu vz\u00e1jomne v\u00a0raste podporova\u0165 nevhodn\u00e9 kombin\u00e1cia m\u00f4\u017ee sp\u00f4sobi\u0165 aj ich opak. Preto je lep\u0161ie sa dopredu informova\u0165 \u010do sa s\u00a0\u010d\u00edm znesie.Rozhodne sa neoplat\u00ed sadi\u0165 paradajky a\u00a0papriku ved\u013ea seba \u2013tieto dva druhy sa navz\u00e1jom nemaj\u00fa radi. Fenikel zas br\u00e1ni rastu papriky a\u00a0re\u010fkovka s\u00a0kapustou l\u00e1kaj\u00fa rovnak\u00fdch \u0161kodcov. Keby ste ich umiestnili ved\u013ea seba mohlo by sa sta\u0165, \u017ee nebudete ma\u0165 ani jedno, ani druh\u00e9.\u00a0                                                                                                                                                                                                                                                                                                                                                                                        4.5\/5 - (11 votes)        "},{"@context":"https:\/\/schema.org\/","@type":"BreadcrumbList","itemListElement":[{"@type":"ListItem","position":1,"name":"Rastliny a bylinky \u2013 zasa\u010fte ich ved\u013ea seba","item":"https:\/\/www.keramix.sk\/rastliny-a-bylinky-zasadte-ich-vedla-seba\/#breadcrumbitem"}]}]